{"id":148538,"date":"2026-09-03T07:51:17","date_gmt":"2026-09-03T05:51:17","guid":{"rendered":"https:\/\/www.icareweb.com\/news\/i-care-announces-its-strategic-expansion-into-latin-america\/"},"modified":"2026-09-03T08:28:18","modified_gmt":"2026-09-03T06:28:18","slug":"i-care-announces-its-strategic-expansion-into-latin-america","status":"publish","type":"news","link":"https:\/\/www.icareweb.com\/es\/novedades\/i-care-anuncia-su-expansion-estrategica-en-america-latina\/","title":{"rendered":"I-care anuncia su expansi\u00f3n estrat\u00e9gica en Am\u00e9rica Latina"},"content":{"rendered":"\n<p class=\"wp-block-paragraph\"><strong><mark style=\"background-color:rgba(0, 0, 0, 0)\" class=\"has-inline-color has-primary-color\"><strong>I-care refuerza su presencia en Brasil para acelerar su crecimiento en Am\u00e9rica Latina<\/strong><\/mark><\/strong><\/p>\n\n\n\n<p class=\"wp-block-paragraph\"><em>El creciente inter\u00e9s por el mantenimiento predictivo y el fortalecimiento de las relaciones con las filiales de clientes globales impulsan la expansi\u00f3n de I-care en toda la regi\u00f3n<\/em><\/p>\n\n\n\n<p class=\"wp-block-paragraph\"><strong>Mons, B\u00e9lgica, 3 de septiembre de 2026 \u2014<\/strong> I-care, l\u00edder mundial en soluciones de mantenimiento predictivo y fiabilidad, anunci\u00f3 hoy el fortalecimiento de su presencia en Brasil como base para impulsar su crecimiento en toda Am\u00e9rica Latina. I-care busca estrechar las relaciones con las filiales regionales de sus actuales clientes internacionales, al tiempo que desarrolla nuevas oportunidades de negocio en Am\u00e9rica Latina. La regi\u00f3n cuenta con importantes operaciones industriales en sectores como la <a href=\"https:\/\/www.icareweb.com\/es\/industrias\/mineria-extraccion\/\">miner\u00eda<\/a>, la <a href=\"https:\/\/www.icareweb.com\/es\/industrias\/alimentos-bebidas\/\">alimentaci\u00f3n y las bebidas<\/a>, la industria qu\u00edmica, <a href=\"https:\/\/www.icareweb.com\/es\/industrias\/petroleo-gas\/\">el petr\u00f3leo y el gas<\/a>, y la <a href=\"https:\/\/www.icareweb.com\/es\/industrias\/pulpa-papel\/\">celulosa y el papel<\/a>.<\/p>\n\n\n\n<p class=\"wp-block-paragraph\">A medida que las empresas de estos sectores buscan mejorar su rendimiento operativo a gran escala, crece el inter\u00e9s por el <a href=\"https:\/\/www.icareweb.com\/es\/recursos\/mantenimiento-predictivo\/que-es-el-mantenimiento-predictivo\/\">mantenimiento predictivo<\/a>. I-care pretende responder a esta creciente necesidad combinando sus <a href=\"https:\/\/www.icareweb.com\/es\/soluciones\/mantenimiento-predictivo\/hardware\/\">sensores inal\u00e1mbricos de vibraci\u00f3n<\/a>, su <a href=\"https:\/\/www.icareweb.com\/es\/soluciones\/mantenimiento-predictivo\/software\/\">software basado en inteligencia artificial<\/a> y su <a href=\"https:\/\/www.icareweb.com\/es\/soluciones\/rendimiento-industrial\/ingenieria-fiabilidad\/\">experiencia humana<\/a> para apoyar a los equipos locales de mantenimiento industrial en entornos operativos complejos.<\/p>\n\n\n\n<p class=\"wp-block-paragraph\">\u00abReforzar nuestra presencia local en Brasil, con un equipo dedicado en el pa\u00eds, significa ofrecer a nuestros clientes internacionales una soluci\u00f3n de mantenimiento predictivo que combina una dimensi\u00f3n global con experiencia sobre el terreno\u00bb, afirm\u00f3 Maxime Limbourg, Director de Crecimiento. \u00abEsta regi\u00f3n ocupa un lugar central en nuestra estrategia de crecimiento, y reforzar nuestra base en Brasil nos permitir\u00e1 acompa\u00f1ar m\u00e1s de cerca a nuestros clientes actuales, al tiempo que desarrollamos nuevas oportunidades en toda Am\u00e9rica Latina\u00bb.<\/p>\n\n\n\n<p class=\"wp-block-paragraph\">Para liderar el desarrollo de I-care en la regi\u00f3n, C\u00f4me Lain\u00e9 ha sido nombrado Responsable de Desarrollo Regional para Am\u00e9rica Latina. Ingeniero industrial con experiencia en procesos industriales, ventas t\u00e9cnicas B2B y desarrollo de negocio en Brasil, C\u00f4me aporta al puesto experiencia tanto operativa como comercial, adem\u00e1s de un profundo conocimiento de los desaf\u00edos industriales y t\u00e9cnicos a los que se enfrentan los clientes de I-care.<\/p>\n\n\n\n<p class=\"wp-block-paragraph\"><a href=\"https:\/\/www.icareweb.com\/es\/soluciones\/mantenimiento-predictivo\/predictive-maintenance-as-a-service\/\">El modelo de suscripci\u00f3n de I-care<\/a> se adapta a las empresas industriales que desean implementar el mantenimiento predictivo al tiempo que gestionan la inversi\u00f3n inicial. La experiencia de I-care en Brasil tambi\u00e9n ayuda a sus clientes a desenvolverse en los requisitos log\u00edsticos y fiscales locales, incluida la importaci\u00f3n de equipos y el marco tributario del pa\u00eds.<\/p>\n\n\n\n<p class=\"wp-block-paragraph\">\u00abBrasil es un mercado muy diverso y complejo\u00bb, afirm\u00f3 C\u00f4me. \u00abAhora estamos reforzando nuestra presencia sobre el terreno, con la oportunidad de desarrollar nuestro negocio aqu\u00ed combinando tecnolog\u00eda a escala global con experiencia local\u00bb.<\/p>\n\n\n\n<div class=\"wp-block-group has-global-padding is-content-justification-left is-layout-constrained wp-container-core-group-is-layout-63335b5d wp-block-group-is-layout-constrained\" style=\"padding-top:var(--wp--preset--spacing--x-small);padding-bottom:var(--wp--preset--spacing--x-small)\">\n<hr class=\"wp-block-separator has-text-color has-secondary-color has-alpha-channel-opacity has-secondary-background-color has-background is-style-default\"\/>\n<\/div>\n","protected":false},"excerpt":{"rendered":"<p>I-care refuerza su presencia en Brasil para acelerar su crecimiento en Am\u00e9rica Latina El creciente inter\u00e9s por el mantenimiento predictivo y el fortalecimiento de las relaciones con las filiales de clientes globales impulsan la expansi\u00f3n de I-care en toda la regi\u00f3n Mons, B\u00e9lgica, 3 de septiembre de 2026 \u2014 I-care, l\u00edder mundial en soluciones de [&hellip;]<\/p>\n","protected":false},"featured_media":148526,"menu_order":0,"template":"","meta":{"_acf_changed":false,"_seopress_titles_title":"I-care anuncia su expansi\u00f3n estrat\u00e9gica en Am\u00e9rica Latina - I-care","_seopress_titles_desc":"I-care refuerza su presencia en Brasil para acelerar su crecimiento en Am\u00e9rica Latina, ofreciendo tecnolog\u00eda y experiencia en mantenimiento predictivo.","_seopress_robots_index":"","_seopress_robots_follow":"","_seopress_robots_imageindex":"","_seopress_robots_snippet":"","_seopress_robots_primary_cat":"","_seopress_robots_breadcrumbs":"","_seopress_robots_freeze_modified_date":"","_seopress_robots_custom_modified_date":"","_seopress_robots_canonical":"","_seopress_social_fb_title":"","_seopress_social_fb_desc":"","_seopress_social_fb_img":"","_seopress_social_fb_img_attachment_id":0,"_seopress_social_fb_img_width":0,"_seopress_social_fb_img_height":0,"_seopress_social_twitter_title":"","_seopress_social_twitter_desc":"","_seopress_social_twitter_img":"","_seopress_social_twitter_img_attachment_id":0,"_seopress_social_twitter_img_width":0,"_seopress_social_twitter_img_height":0,"_seopress_redirections_value":"","_seopress_redirections_enabled":"","_seopress_redirections_enabled_regex":"","_seopress_redirections_logged_status":"","_seopress_redirections_param":"","_seopress_redirections_type":0,"_seopress_analysis_target_kw":"","_seopress_news_disabled":"","_seopress_video_disabled":"","_seopress_video":[],"_seopress_pro_schemas_manual":[],"_seopress_pro_rich_snippets_disable_all":"","_seopress_pro_rich_snippets_disable":[],"_seopress_pro_schemas":[],"content-type":"","inline_featured_image":false},"class_list":["post-148538","news","type-news","status-publish","has-post-thumbnail"],"acf":[],"_links":{"self":[{"href":"https:\/\/www.icareweb.com\/es\/wp-json\/wp\/v2\/news\/148538","targetHints":{"allow":["GET"]}}],"collection":[{"href":"https:\/\/www.icareweb.com\/es\/wp-json\/wp\/v2\/news"}],"about":[{"href":"https:\/\/www.icareweb.com\/es\/wp-json\/wp\/v2\/types\/news"}],"wp:featuredmedia":[{"embeddable":true,"href":"https:\/\/www.icareweb.com\/es\/wp-json\/wp\/v2\/media\/148526"}],"wp:attachment":[{"href":"https:\/\/www.icareweb.com\/es\/wp-json\/wp\/v2\/media?parent=148538"}],"curies":[{"name":"wp","href":"https:\/\/api.w.org\/{rel}","templated":true}]}}