{"id":61140,"date":"2025-07-07T07:12:33","date_gmt":"2025-07-07T05:12:33","guid":{"rendered":"https:\/\/www.icareweb.com\/news\/i-care-verwelkomt-zijn-1-000ste-medewerker\/"},"modified":"2025-10-07T17:45:39","modified_gmt":"2025-10-07T15:45:39","slug":"i-care-verwelkomt-zijn-1-000ste-medewerker","status":"publish","type":"news","link":"https:\/\/www.icareweb.com\/nl\/nieuws\/i-care-verwelkomt-zijn-1-000ste-medewerker\/","title":{"rendered":"I-care verwelkomt zijn 1.000ste medewerker"},"content":{"rendered":"\n<div class=\"wp-block-group alignfull icare-hero is-style-shade-left-bottom has-background has-global-padding is-layout-constrained wp-block-group-is-layout-constrained\" style=\"background:linear-gradient(246deg,rgba(247,248,252,0.3) 0%,rgb(247,248,253) 100%);margin-top:0;margin-bottom:0;padding-top:var(--wp--preset--spacing--medium);padding-bottom:var(--wp--preset--spacing--xx-large);--octopods-group-overlay-color:#27498C;--octopods-group-overflow:hidden;--octopods-group-position:relative\">\n<div style=\"height:150px\" aria-hidden=\"true\" class=\"wp-block-spacer\"><\/div>\n\n\n\n<div class=\"wp-block-group icare-hero__content is-content-justification-space-between is-nowrap is-layout-flex wp-container-core-group-is-layout-cb46ffcb wp-block-group-is-layout-flex\" style=\"min-height:35vh;--octopods-group-z-index:2;aspect-ratio:unset;\">\n<div class=\"wp-block-columns is-style-columns-reverse wp-container-content-9cfa9a5a is-layout-flex wp-container-core-columns-is-layout-28f84493 wp-block-columns-is-layout-flex\">\n<div class=\"wp-block-column is-layout-flow wp-block-column-is-layout-flow\" style=\"flex-basis:0px\" data-aos=\"fade\" data-aos-duration=\"900\" data-aos-easing=\"ease-in-out\" data-aos-once=\"true\">\n<div style=\"height:0px;width:0px\" aria-hidden=\"true\" class=\"wp-block-spacer\"><\/div>\n\n\n\n<div class=\"wp-block-group is-layout-flow wp-block-group-is-layout-flow wp-container-1 is-position-sticky\" style=\"--octopods-group-position:sticky;--octopods-group-top:20px\"><div class=\"addtoany_shortcode\"><div class=\"a2a_kit a2a_kit_size_24 addtoany_list\" data-a2a-url=\"https:\/\/www.icareweb.com\/nl\/nieuws\/i-care-verwelkomt-zijn-1-000ste-medewerker\/\" data-a2a-title=\"I-care verwelkomt zijn 1.000ste medewerker\"><a class=\"a2a_button_facebook\" href=\"https:\/\/www.addtoany.com\/add_to\/facebook?linkurl=https%3A%2F%2Fwww.icareweb.com%2Fnl%2Fnieuws%2Fi-care-verwelkomt-zijn-1-000ste-medewerker%2F&amp;linkname=I-care%20verwelkomt%20zijn%201.000ste%20medewerker\" title=\"Facebook\" rel=\"nofollow noopener\" target=\"_blank\"><\/a><a class=\"a2a_button_linkedin\" href=\"https:\/\/www.addtoany.com\/add_to\/linkedin?linkurl=https%3A%2F%2Fwww.icareweb.com%2Fnl%2Fnieuws%2Fi-care-verwelkomt-zijn-1-000ste-medewerker%2F&amp;linkname=I-care%20verwelkomt%20zijn%201.000ste%20medewerker\" title=\"LinkedIn\" rel=\"nofollow noopener\" target=\"_blank\"><\/a><a class=\"a2a_button_email\" href=\"https:\/\/www.addtoany.com\/add_to\/email?linkurl=https%3A%2F%2Fwww.icareweb.com%2Fnl%2Fnieuws%2Fi-care-verwelkomt-zijn-1-000ste-medewerker%2F&amp;linkname=I-care%20verwelkomt%20zijn%201.000ste%20medewerker\" title=\"Email\" rel=\"nofollow noopener\" target=\"_blank\"><\/a><a class=\"a2a_button_copy_link\" href=\"https:\/\/www.addtoany.com\/add_to\/copy_link?linkurl=https%3A%2F%2Fwww.icareweb.com%2Fnl%2Fnieuws%2Fi-care-verwelkomt-zijn-1-000ste-medewerker%2F&amp;linkname=I-care%20verwelkomt%20zijn%201.000ste%20medewerker\" title=\"Copy Link\" rel=\"nofollow noopener\" target=\"_blank\"><\/a><a class=\"a2a_dd addtoany_share_save addtoany_share\" href=\"https:\/\/www.addtoany.com\/share\"><\/a><\/div><\/div>\n<\/div>\n<\/div>\n\n\n\n<div class=\"wp-block-column is-layout-flow wp-block-column-is-layout-flow\" data-aos=\"fade\" data-aos-duration=\"900\" data-aos-easing=\"ease-in-out\" data-aos-once=\"true\">\n<div style=\"height:0px;width:0px\" aria-hidden=\"true\" class=\"wp-block-spacer\"><\/div>\n\n\n\n<div class=\"wp-block-group is-layout-flow wp-container-core-group-is-layout-26078a74 wp-block-group-is-layout-flow\" style=\"padding-right:35px\"><h1 style=\"line-height:1.1; margin-top:var(--wp--preset--spacing--small);\" class=\"wp-block-post-title\">I-care verwelkomt zijn 1.000ste medewerker<\/h1>\n\n\n<p style=\"font-size:clamp(0.875rem, 0.875rem + ((1vw - 0.2rem) * 0.531), 1.3rem);\"><\/p>\n\n\n\n<div class=\"wp-block-group is-nowrap is-layout-flex wp-container-core-group-is-layout-6c531013 wp-block-group-is-layout-flex\">\n<div class=\"wp-block-group has-secondary-background-color has-background wp-container-content-962be591 is-layout-flow wp-block-group-is-layout-flow\" style=\"min-height:3px;aspect-ratio:unset;\"><\/div>\n<\/div>\n<\/div>\n<\/div>\n\n\n\n<div class=\"wp-block-column is-layout-flow wp-block-column-is-layout-flow\" data-aos=\"fade-right\" data-aos-duration=\"900\" data-aos-easing=\"ease-in-out\" data-aos-once=\"true\">\n<div class=\"wp-block-group has-global-padding is-layout-constrained wp-block-group-is-layout-constrained\" style=\"--octopods-group-position:relative\">\n<figure class=\"wp-block-embed is-type-video is-provider-youtube wp-block-embed-youtube wp-embed-aspect-16-9 wp-has-aspect-ratio\"><div class=\"wp-block-embed__wrapper\">\n<iframe loading=\"lazy\" title=\"Meet Ahlem, our 1000th Team Member! !\" width=\"500\" height=\"281\" src=\"https:\/\/www.youtube.com\/embed\/2pf3lZnIhgs?feature=oembed&#038;enablejsapi=1&#038;origin=https:\/\/www.icareweb.com\" frameborder=\"0\" allow=\"accelerometer; autoplay; clipboard-write; encrypted-media; gyroscope; picture-in-picture; web-share\" referrerpolicy=\"strict-origin-when-cross-origin\" allowfullscreen><\/iframe>\n<\/div><\/figure>\n<\/div>\n<\/div>\n<\/div>\n<\/div>\n\n\n\n<div class=\"wp-block-group alignfull icare-hero__divider is-layout-flow wp-block-group-is-layout-flow\" style=\"margin-top:0px;margin-bottom:0px;--octopods-group-position:absolute;--octopods-group-bottom:0px;--octopods-group-left:0px;--octopods-group-right:0px\">\n<div style=\"min-height:350px;margin-top:0px;--octopods-divider-shape-color:#ffffff;--octopods-divider-icon-color:;--octopods-divider-icon-size:20px;--octopods-divider-icon-align:center;--octopods-divider-icon-justify:center\" class=\"wp-block-octopods-divider alignfull\"><div class=\"wp-block-octopods-divider__shape\"><svg xmlns=\"http:\/\/www.w3.org\/2000\/svg\" aria-hidden=\"true\" class=\"angle_svg__octopods-divider-svg angle_svg__octopods-divider-svg--angle\" preserveAspectRatio=\"none\" viewBox=\"0 0 1620 188.5\"><path d=\"M0 188.5h1620V0L0 183.4z\"><\/path><\/svg><\/div><\/div>\n<\/div>\n<\/div>\n\n\n\n<div class=\"wp-block-group has-global-padding is-layout-constrained wp-container-core-group-is-layout-704e782a wp-block-group-is-layout-constrained\">\n<div class=\"wp-block-group has-global-padding is-layout-constrained wp-block-group-is-layout-constrained\">\n<p><mark style=\"background-color:rgba(0, 0, 0, 0)\" class=\"has-inline-color has-primary-color\"><strong>Mons, 8 juli 2025 \u2014 Ahlem Ben Salem, een 31-jarige ingenieur, is net toegetreden tot het team van I-care. Met haar komst bereikt de Belgische groep, leider in industrieel predictief onderhoud, een symbolische mijlpaal van 1.000 medewerkers \u2013 een nieuwe stap in haar groeiverhaal.<\/strong><\/mark><\/p>\n\n\n\n<p>Oorspronkelijk afkomstig uit Zwijndrecht en afgestudeerd aan de Universiteit Antwerpen, koos Ahlem voor I-care omdat ze \u201ctechnologie wil inzetten voor een duurzamere industrie\u201d.<\/p>\n\n\n\n<p><strong><em>\u201cWat me opviel bij I-care was de mentaliteit van de teams. Je voelt meteen dat het bedrijf niet gewoon groter wordt, maar groeit met een sterke cultuur die je al vanaf de eerste stap binnen voelt,\u201d<\/em> vertelt ze.<\/strong><\/p>\n<\/div>\n\n\n\n<div class=\"wp-block-group has-global-padding is-layout-constrained wp-block-group-is-layout-constrained\">\n<p><strong>4 nieuwe aanwervingen per week om de wereldwijde ambities te ondersteunen<\/strong><\/p>\n\n\n\n<p>Opgericht in Bergen is de I-care Group in slechts enkele jaren uitgegroeid tot wereldleider in industrieel predictief onderhoud. Dankzij gepatenteerde technologie\u00ebn en de expertise van haar teams helpt het bedrijf industrie\u00ebn wereldwijd om betrouwbaarder, duurzamer en effici\u00ebnter te werken.<\/p>\n\n\n\n<p>Momenteel groeit I-care aan een tempo van vier nieuwe aanwervingen per week, zowel in Belgi\u00eb als internationaal. Het bedrijf blijft hooggekwalificeerde profielen aantrekken die zich aangesproken voelen door een ambitieus project met lokale verankering en een wereldwijde impact.<\/p>\n\n\n\n<p><em>\u201cDe kaap van 1.000 medewerkers bereiken voelt als een nieuwe bocht in een uithoudingswedstrijd,\u201d<\/em> zegt Fabrice Brion, CEO van I-care. <em>\u201cEn Ahlem is niet zomaar een nummer. Ze belichaamt de I-care-spirit: een mix van innovatie, passie en bescheidenheid. Haar rol is des te symbolischer omdat ze een jonge vrouw is met een technische achtergrond. Het is precies die combinatie die ons in staat stelt om samen grootse dingen te realiseren, terwijl we toch met beide voeten op de grond blijven. I-care en onze sector evolueren duidelijk in de juiste richting.\u201d<\/em><\/p>\n<\/div>\n\n\n\n<div class=\"wp-block-group has-global-padding is-layout-constrained wp-block-group-is-layout-constrained\">\n<p><strong>Mensen vormen het kloppend hart van onze motor<\/strong><\/p>\n\n\n\n<p>Sinds de oprichting heeft I-care respect voor mensen, prestaties en duurzaamheid centraal gesteld in haar identiteit. Dit model werkt inspirerend en versterkt de loyaliteit: het personeelsverloop is uitzonderlijk laag (minder dan 3%) en toont het sterke engagement van de teams aan.<\/p>\n\n\n\n<p>Bijna 1 op de 3 medewerkers is aandeelhouder dankzij een aandelenprogramma dat in de beginjaren werd opgezet, een krachtig symbool van deze filosofie.<\/p>\n\n\n\n<p>I-care blijft trouw aan haar koers: groeien zonder haar ziel te verliezen.<\/p>\n\n\n\n<p>De 1.000ste medewerker stapt mee in een ondernemend avontuur waarin technologische expertise, teamwork en het beheersen van elke bocht samenkomen.<\/p>\n<\/div>\n\n\n\n<div class=\"wp-block-group has-global-padding is-content-justification-left is-layout-constrained wp-container-core-group-is-layout-1fa5dacf wp-block-group-is-layout-constrained\" style=\"padding-top:var(--wp--preset--spacing--x-small);padding-bottom:var(--wp--preset--spacing--x-small)\">\n<hr class=\"wp-block-separator has-text-color has-secondary-color has-alpha-channel-opacity has-secondary-background-color has-background is-style-default\"\/>\n<\/div>\n\n\n\n<div class=\"wp-block-group has-global-padding is-layout-constrained wp-block-group-is-layout-constrained\">\n<p><strong><br><strong>Over I-care<\/strong><\/strong><\/p>\n\n\n\n<p>De I-care Group is wereldwijd marktleider in predictief onderhoud en monitort met geavanceerde technologie\u00ebn, waaronder de eigen Wi-care\u2122 trillingssensoren, honderdduizenden industri\u00eble machines. Onze missie: de manier waarop de wereld presteert veranderen. I-see\u2122, ons AI-gedreven platform, integreert moeiteloos met zowel I-care-oplossingen als externe systemen dankzij de open API. Het verzamelt data uit alle PdM-technieken, voorspelt storingen maanden op voorhand en levert essenti\u00eble inzichten om onderhoudsoperaties te optimaliseren.<\/p>\n\n\n\n<p>Opgericht in 2004 in Belgi\u00eb telt I-care vandaag meer dan 1.000 medewerkers, met 36 kantoren in 16 landen (Azi\u00eb-Pacific, EMEA en de VS), en levert wereldwijd expertise in betrouwbaarheid en predictief onderhoud aan klanten in meer dan 55 landen. I-care werd meermaals bekroond voor haar innovaties, waaronder de ADM Supplier Award 2024 voor betrouwbaarheid, de Factory Innovation Award op Hannover Messe en de Solutions Award 2025 op The Reliability Conference.<\/p>\n\n\n\n<p>Meer info: <a href=\"https:\/\/www.icareweb.com\">www.icareweb.com<\/a>.<\/p>\n<\/div>\n<\/div>\n","protected":false},"excerpt":{"rendered":"<p>Mons, 8 juli 2025 \u2014 Ahlem Ben Salem, een 31-jarige ingenieur, is net toegetreden tot het team van I-care. Met haar komst bereikt de Belgische groep, leider in industrieel predictief onderhoud, een symbolische mijlpaal van 1.000 medewerkers \u2013 een nieuwe stap in haar groeiverhaal. Oorspronkelijk afkomstig uit Zwijndrecht en afgestudeerd aan de Universiteit Antwerpen, koos [&hellip;]<\/p>\n","protected":false},"featured_media":60383,"menu_order":0,"template":"ressource-blank-template","meta":{"_acf_changed":false,"_seopress_robots_primary_cat":"","_seopress_titles_title":"","_seopress_titles_desc":"I-care heeft een symbolische mijlpaal bereikt van 1.000 medewerkers, wat een nieuwe fase in de ontwikkeling van het bedrijf markeert.","_seopress_robots_index":"","content-type":"","inline_featured_image":false},"class_list":["post-61140","news","type-news","status-publish","has-post-thumbnail"],"acf":[],"_links":{"self":[{"href":"https:\/\/www.icareweb.com\/nl\/wp-json\/wp\/v2\/news\/61140","targetHints":{"allow":["GET"]}}],"collection":[{"href":"https:\/\/www.icareweb.com\/nl\/wp-json\/wp\/v2\/news"}],"about":[{"href":"https:\/\/www.icareweb.com\/nl\/wp-json\/wp\/v2\/types\/news"}],"wp:featuredmedia":[{"embeddable":true,"href":"https:\/\/www.icareweb.com\/nl\/wp-json\/wp\/v2\/media\/60383"}],"wp:attachment":[{"href":"https:\/\/www.icareweb.com\/nl\/wp-json\/wp\/v2\/media?parent=61140"}],"curies":[{"name":"wp","href":"https:\/\/api.w.org\/{rel}","templated":true}]}}