{"id":61002,"date":"2022-01-24T12:49:00","date_gmt":"2022-01-24T11:49:00","guid":{"rendered":"https:\/\/www.icareweb.com\/news\/news-co-drugi-pracownik-zostaje-udzialowcem-firmy-i-care-ktora-pozyskuje-ponad-10-mln-euro\/"},"modified":"2025-10-07T17:20:49","modified_gmt":"2025-10-07T15:20:49","slug":"news-co-drugi-pracownik-zostaje-udzialowcem-firmy-i-care-ktora-pozyskuje-ponad-10-mln-euro","status":"publish","type":"news","link":"https:\/\/www.icareweb.com\/pl\/aktualnosci\/news-co-drugi-pracownik-zostaje-udzialowcem-firmy-i-care-ktora-pozyskuje-ponad-10-mln-euro\/","title":{"rendered":"News: Co drugi pracownik zostaje udzia\u0142owcem firmy I-care, kt\u00f3ra pozyskuje ponad 10 mln euro"},"content":{"rendered":"\n<div class=\"icare-acf-block icare-acf-block--text-column\">\n\n<b>KOMUNIKAT PRASOWY <\/b>\n\n<b>Co drugi pracownik zostaje udzia\u0142owcem firmy I-care, kt\u00f3ra pozyskuje ponad 10 mln euro <\/b>\n\n<b>Mons \u2013 Belgijska firma I-care, \u015bwiatowy lider<\/b><b> w dziedzinie monitorowania stanu maszyn, w\u0142a\u015bnie zamkn\u0119\u0142a zbi\u00f3rk\u0119 ponad 10 milion\u00f3w euro. 180<\/b><b> nowi pracownicy zainwestowali w swoj\u0105 firm\u0119, do\u0142\u0105czaj\u0105c do grupy 75 pracownik\u00f3w, kt\u00f3rzy byli ju\u017c udzia\u0142owcami I-care, niekt\u00f3rzy z nich od 2008 roku. To mocny sygna\u0142, kt\u00f3ry \u015bwiadczy o du\u017cym zaufaniu zespo\u0142\u00f3w i udzia\u0142owc\u00f3w do rozwoju I-care.<\/b>\n\n<i><span style=\"font-weight: 400;\">\u201cNaszym pocz\u0105tkowym celem by\u0142o zebranie oko\u0142o 3 milion\u00f3w euro,&#8221; <\/span><\/i><span style=\"font-weight: 400;\">wyja\u015bnia Fabrice Brion, CEO I-care.<\/span><i><span style=\"font-weight: 400;\"> \u201eI sko\u0144czy\u0142o si\u0119 na tym, \u017ce podnie\u015bli\u015bmy trzy razy t\u0119 kwot\u0119! Wiedzia\u0142em ju\u017c, \u017ce nasze zespo\u0142y motywuje nasz rozw\u00f3j, ale nie spodziewa\u0142em si\u0119 takiego sukcesu. Firma tej wielko\u015bci, kt\u00f3rej udzia\u0142owcem jest co drugi pracownik \u2013 wiem, jak bardzo jest to wyj\u0105tkowe. Przede wszystkim chcia\u0142bym podzi\u0119kowa\u0107 naszym zespo\u0142om za zaufanie!\u201d<\/span><\/i>\n\n<span style=\"font-weight: 400;\">Pracownicy akcjonariatu zainwestowali \u015brednio 35 000 euro na osob\u0119. Wraz z za\u0142o\u017cycielami s\u0105 teraz w\u0142a\u015bcicielami 84% firmy.<\/span>\n\n<span style=\"font-weight: 400;\">Ta runda zbierania funduszy pozwoli I-care na dalszy rozw\u00f3j, aby wspiera\u0107 zdrowie maszyn przemys\u0142owych na ca\u0142ym \u015bwiecie.<\/span><i><span style=\"font-weight: 400;\"> \u201eChcemy pomno\u017cy\u0107 wielko\u015b\u0107 firmy przez 5 w ci\u0105gu najbli\u017cszych 5 lat\u201d <\/span><\/i><span style=\"font-weight: 400;\">wyj\u015bnia Fabrice Brion.<\/span> <span style=\"font-weight: 400;\">Ale od razu podkre\u015bla, \u017ce nie chodzi o rozw\u00f3j tylko samej firmy: <\/span><i><span style=\"font-weight: 400;\">\u201eNasz rynek powi\u0119kszy si\u0119 co najmniej czterokrotnie w ci\u0105gu najbli\u017cszych 5 lat. Rozw\u00f3j pozwoli nam pozosta\u0107 wiernymi naszym warto\u015bciom &#8211; wydajno\u015bci,<\/span><\/i><i><span style=\"font-weight: 400;\">zr\u00f3wnowa\u017conemu rozwojowi i szacunkowi dla ludzi &#8211; oraz zachowa\u0107 kontrol\u0119 nad naszym kierunkiem rozwoju. Jest to wa\u017cniejsze ni\u017c kiedykolwiek, bior\u0105c pod uwag\u0119 niestabilny kontekst, w kt\u00f3rym ewoluuje gospodarka!\u201d<\/span><\/i>\n\n<span style=\"font-weight: 400;\">I-care zdoby\u0142 nagrod\u0119 \u201eBiznes roku\u201d w 2020 roku i jest \u015bwiatowym liderem w dziedzinie monitorowania stanu maszyn przemys\u0142owych. Ich sztuczna inteligencja i rozwi\u0105zania oparte na danych przewiduj\u0105 awarie przemys\u0142owe na miesi\u0105ce, a nawet lata przed ich wyst\u0105pieniem. Dzi\u0119ki I-care maszyny na ca\u0142ym \u015bwiecie s\u0105 bezpieczniejsze, wydajniejsze i bardziej zr\u00f3wnowa\u017cone. Za\u0142o\u017cona w 2004 roku w Mons firma I-care zatrudnia ponad 500 os\u00f3b i posiada biura w 11 krajach (Europa, USA i Azja) z klientami w ponad 55 krajach.<\/span>\n<\/div>","protected":false},"excerpt":{"rendered":"","protected":false},"featured_media":60236,"menu_order":0,"template":"","meta":{"_acf_changed":false,"_seopress_robots_primary_cat":"0","_seopress_titles_title":"","_seopress_titles_desc":"","_seopress_robots_index":"","content-type":"","inline_featured_image":false},"class_list":["post-61002","news","type-news","status-publish","has-post-thumbnail"],"acf":[],"_links":{"self":[{"href":"https:\/\/www.icareweb.com\/pl\/wp-json\/wp\/v2\/news\/61002","targetHints":{"allow":["GET"]}}],"collection":[{"href":"https:\/\/www.icareweb.com\/pl\/wp-json\/wp\/v2\/news"}],"about":[{"href":"https:\/\/www.icareweb.com\/pl\/wp-json\/wp\/v2\/types\/news"}],"wp:featuredmedia":[{"embeddable":true,"href":"https:\/\/www.icareweb.com\/pl\/wp-json\/wp\/v2\/media\/60236"}],"wp:attachment":[{"href":"https:\/\/www.icareweb.com\/pl\/wp-json\/wp\/v2\/media?parent=61002"}],"curies":[{"name":"wp","href":"https:\/\/api.w.org\/{rel}","templated":true}]}}