{"id":148531,"date":"2026-09-03T07:51:17","date_gmt":"2026-09-03T05:51:17","guid":{"rendered":"https:\/\/www.icareweb.com\/news\/i-care-announces-its-strategic-expansion-into-latin-america\/"},"modified":"2026-09-03T08:20:41","modified_gmt":"2026-09-03T06:20:41","slug":"i-care-announces-its-strategic-expansion-into-latin-america","status":"publish","type":"news","link":"https:\/\/www.icareweb.com\/pt\/news\/i-care-anuncia-sua-expansao-estrategica-na-america-latina\/","title":{"rendered":"I-care anuncia sua expans\u00e3o estrat\u00e9gica na Am\u00e9rica Latina"},"content":{"rendered":"\n<p class=\"wp-block-paragraph\"><strong><mark style=\"background-color:rgba(0, 0, 0, 0)\" class=\"has-inline-color has-primary-color\"><strong>I-care refor\u00e7a sua presen\u00e7a no Brasil para acelerar o crescimento na Am\u00e9rica Latina<\/strong><\/mark><\/strong><\/p>\n\n\n\n<p class=\"wp-block-paragraph\"><em>O crescente interesse pela manuten\u00e7\u00e3o preditiva e o fortalecimento dos la\u00e7os com as subsidi\u00e1rias de clientes globais impulsionam a expans\u00e3o da I-care na regi\u00e3o<\/em><\/p>\n\n\n\n<p class=\"wp-block-paragraph\"><strong>Mons, B\u00e9lgica, 3 de setembro de 2026 \u2014<\/strong> A I-care, l\u00edder global em solu\u00e7\u00f5es de manuten\u00e7\u00e3o preditiva e confiabilidade, anunciou hoje o fortalecimento de sua presen\u00e7a no Brasil como base para ampliar seu crescimento em toda a Am\u00e9rica Latina. A I-care pretende estreitar o relacionamento com as subsidi\u00e1rias regionais de seus atuais clientes internacionais, ao mesmo tempo em que desenvolve novos neg\u00f3cios na Am\u00e9rica Latina. A regi\u00e3o conta com importantes opera\u00e7\u00f5es industriais nos setores de <a href=\"https:\/\/www.icareweb.com\/pt\/industrias\/mineracao-e-extracao\/\">minera\u00e7\u00e3o<\/a>, <a href=\"https:\/\/www.icareweb.com\/pt\/industrias\/alimentos-e-bebidas\/\">alimentos e bebidas<\/a>, <a href=\"https:\/\/www.icareweb.com\/pt\/industrias\/quimico\/\">produtos qu\u00edmicos<\/a>, <a href=\"https:\/\/www.icareweb.com\/pt\/industrias\/petroleo-e-gas\/\">petr\u00f3leo e g\u00e1s<\/a>, <a href=\"https:\/\/www.icareweb.com\/pt\/industrias\/celulose-e-papel\/\">celulose e papel<\/a>.<\/p>\n\n\n\n<p class=\"wp-block-paragraph\">\u00c0 medida que as empresas desses setores buscam melhorar seu desempenho operacional em larga escala, cresce o interesse pela <a href=\"https:\/\/www.icareweb.com\/pt\/recursos\/manutencao-preditiva\/o-que-e-manutencao-preditiva\/\">manuten\u00e7\u00e3o preditiva<\/a>. A I-care pretende atender a essa demanda crescente combinando seus <a href=\"https:\/\/www.icareweb.com\/pt\/solucoes\/manutencao-preditiva\/hardware\/\">sensores de vibra\u00e7\u00e3o<\/a> sem fio, <a href=\"https:\/\/www.icareweb.com\/pt\/solucoes\/manutencao-preditiva\/software\/\">software baseado em intelig\u00eancia artificial<\/a> e <a href=\"https:\/\/www.icareweb.com\/pt\/solucoes\/performance-industrial\/engenharia-de-confiabilidade\/\">expertise humana<\/a> para apoiar as equipes locais de manuten\u00e7\u00e3o industrial em ambientes operacionais complexos.<\/p>\n\n\n\n<p class=\"wp-block-paragraph\">\u201cRefor\u00e7ar nossa presen\u00e7a local no Brasil, com uma equipe dedicada no pa\u00eds, significa oferecer aos nossos clientes internacionais uma solu\u00e7\u00e3o de manuten\u00e7\u00e3o preditiva que combina escala global com expertise local\u201d, afirmou Maxime Limbourg, Chief Growth Officer. \u201cEsta regi\u00e3o \u00e9 central para nossa estrat\u00e9gia de crescimento, e fortalecer nossa base no Brasil nos permitir\u00e1 apoiar nossos clientes atuais de forma ainda mais pr\u00f3xima, ao mesmo tempo em que desenvolvemos novas oportunidades em toda a Am\u00e9rica Latina.\u201d<\/p>\n\n\n\n<p class=\"wp-block-paragraph\">Para liderar o desenvolvimento da I-care na regi\u00e3o, C\u00f4me Lain\u00e9 foi nomeado Regional Development Manager, LATAM. Engenheiro industrial com experi\u00eancia em processos industriais, vendas t\u00e9cnicas B2B e desenvolvimento de neg\u00f3cios no Brasil, C\u00f4me traz para a fun\u00e7\u00e3o uma s\u00f3lida experi\u00eancia operacional e comercial, al\u00e9m de um profundo conhecimento dos desafios industriais e t\u00e9cnicos enfrentados pelos clientes da I-care.<\/p>\n\n\n\n<p class=\"wp-block-paragraph\"><a href=\"https:\/\/www.icareweb.com\/pt\/solucoes\/manutencao-preditiva\/predictive-maintenance-as-a-service\/\">O modelo de assinatura da I-care<\/a> \u00e9 adequado para empresas industriais que desejam implementar a manuten\u00e7\u00e3o preditiva ao mesmo tempo em que gerenciam o investimento inicial. A experi\u00eancia da empresa no Brasil tamb\u00e9m ajuda os clientes a lidar com as exig\u00eancias log\u00edsticas e fiscais locais, incluindo a importa\u00e7\u00e3o de equipamentos e o sistema tribut\u00e1rio do pa\u00eds.<\/p>\n\n\n\n<p class=\"wp-block-paragraph\">\u201cO Brasil \u00e9 um mercado muito diversificado e complexo\u201d, afirmou C\u00f4me. \u201cEstamos agora refor\u00e7ando nossa presen\u00e7a local, com a oportunidade de desenvolver nossos neg\u00f3cios no pa\u00eds ao combinar tecnologia em escala global com expertise local.\u201d<\/p>\n\n\n\n<div class=\"wp-block-group has-global-padding is-content-justification-left is-layout-constrained wp-container-core-group-is-layout-63335b5d wp-block-group-is-layout-constrained\" style=\"padding-top:var(--wp--preset--spacing--x-small);padding-bottom:var(--wp--preset--spacing--x-small)\">\n<hr class=\"wp-block-separator has-text-color has-secondary-color has-alpha-channel-opacity has-secondary-background-color has-background is-style-default\"\/>\n<\/div>\n","protected":false},"excerpt":{"rendered":"<p>I-care refor\u00e7a sua presen\u00e7a no Brasil para acelerar o crescimento na Am\u00e9rica Latina O crescente interesse pela manuten\u00e7\u00e3o preditiva e o fortalecimento dos la\u00e7os com as subsidi\u00e1rias de clientes globais impulsionam a expans\u00e3o da I-care na regi\u00e3o Mons, B\u00e9lgica, 3 de setembro de 2026 \u2014 A I-care, l\u00edder global em solu\u00e7\u00f5es de manuten\u00e7\u00e3o preditiva e [&hellip;]<\/p>\n","protected":false},"featured_media":148525,"menu_order":0,"template":"","meta":{"_acf_changed":false,"_seopress_titles_title":"I-care anuncia sua expans\u00e3o estrat\u00e9gica na Am\u00e9rica Latina - I-care","_seopress_titles_desc":"A expans\u00e3o refor\u00e7a a presen\u00e7a local da I-care no Brasil, levando tecnologia e expertise em manuten\u00e7\u00e3o preditiva para apoiar o crescimento industrial em toda a Am\u00e9rica Latina.","_seopress_robots_index":"","_seopress_robots_follow":"","_seopress_robots_imageindex":"","_seopress_robots_snippet":"","_seopress_robots_primary_cat":"","_seopress_robots_breadcrumbs":"","_seopress_robots_freeze_modified_date":"","_seopress_robots_custom_modified_date":"","_seopress_robots_canonical":"","_seopress_social_fb_title":"","_seopress_social_fb_desc":"","_seopress_social_fb_img":"","_seopress_social_fb_img_attachment_id":0,"_seopress_social_fb_img_width":0,"_seopress_social_fb_img_height":0,"_seopress_social_twitter_title":"","_seopress_social_twitter_desc":"","_seopress_social_twitter_img":"","_seopress_social_twitter_img_attachment_id":0,"_seopress_social_twitter_img_width":0,"_seopress_social_twitter_img_height":0,"_seopress_redirections_value":"","_seopress_redirections_enabled":"","_seopress_redirections_enabled_regex":"","_seopress_redirections_logged_status":"","_seopress_redirections_param":"","_seopress_redirections_type":0,"_seopress_analysis_target_kw":"","_seopress_news_disabled":"","_seopress_video_disabled":"","_seopress_video":[],"_seopress_pro_schemas_manual":[],"_seopress_pro_rich_snippets_disable_all":"","_seopress_pro_rich_snippets_disable":[],"_seopress_pro_schemas":[],"content-type":"","inline_featured_image":false},"class_list":["post-148531","news","type-news","status-publish","has-post-thumbnail"],"acf":[],"_links":{"self":[{"href":"https:\/\/www.icareweb.com\/pt\/wp-json\/wp\/v2\/news\/148531","targetHints":{"allow":["GET"]}}],"collection":[{"href":"https:\/\/www.icareweb.com\/pt\/wp-json\/wp\/v2\/news"}],"about":[{"href":"https:\/\/www.icareweb.com\/pt\/wp-json\/wp\/v2\/types\/news"}],"wp:featuredmedia":[{"embeddable":true,"href":"https:\/\/www.icareweb.com\/pt\/wp-json\/wp\/v2\/media\/148525"}],"wp:attachment":[{"href":"https:\/\/www.icareweb.com\/pt\/wp-json\/wp\/v2\/media?parent=148531"}],"curies":[{"name":"wp","href":"https:\/\/api.w.org\/{rel}","templated":true}]}}